{"id":344,"date":"2023-05-15T14:57:42","date_gmt":"2023-05-15T12:57:42","guid":{"rendered":"https:\/\/www.butine-asso.fr\/?p=344"},"modified":"2023-05-15T14:58:27","modified_gmt":"2023-05-15T12:58:27","slug":"miel-de-printemps","status":"publish","type":"post","link":"https:\/\/www.butine-asso.fr\/index.php\/2023\/05\/15\/miel-de-printemps\/","title":{"rendered":"Miel de printemps"},"content":{"rendered":"\n<p>En ce samedi matin, les apiculteurs s&rsquo;\u00e9taient donn\u00e9s rendez-vous \u00e0 la miellerie \u00e9ph\u00e9m\u00e8re pour l&rsquo;extraction du miel de printemps de l&rsquo;association.  <\/p>\n\n\n\n<figure class=\"wp-block-gallery has-nested-images columns-default is-cropped wp-block-gallery-1 is-layout-flex wp-block-gallery-is-layout-flex\">\n<figure class=\"wp-block-image size-large\"><img loading=\"lazy\" decoding=\"async\" width=\"1024\" height=\"768\" data-id=\"345\" src=\"https:\/\/www.butine-asso.fr\/wp-content\/uploads\/2023\/05\/20230513_120705-1024x768.jpg\" alt=\"\" class=\"wp-image-345\" srcset=\"https:\/\/www.butine-asso.fr\/wp-content\/uploads\/2023\/05\/20230513_120705-1024x768.jpg 1024w, https:\/\/www.butine-asso.fr\/wp-content\/uploads\/2023\/05\/20230513_120705-300x225.jpg 300w, https:\/\/www.butine-asso.fr\/wp-content\/uploads\/2023\/05\/20230513_120705-768x576.jpg 768w, https:\/\/www.butine-asso.fr\/wp-content\/uploads\/2023\/05\/20230513_120705-1536x1152.jpg 1536w, https:\/\/www.butine-asso.fr\/wp-content\/uploads\/2023\/05\/20230513_120705-2048x1536.jpg 2048w, https:\/\/www.butine-asso.fr\/wp-content\/uploads\/2023\/05\/20230513_120705-678x509.jpg 678w, https:\/\/www.butine-asso.fr\/wp-content\/uploads\/2023\/05\/20230513_120705-326x245.jpg 326w, https:\/\/www.butine-asso.fr\/wp-content\/uploads\/2023\/05\/20230513_120705-80x60.jpg 80w\" sizes=\"auto, (max-width: 1024px) 100vw, 1024px\" \/><\/figure>\n\n\n\n<figure class=\"wp-block-image size-large\"><img loading=\"lazy\" decoding=\"async\" width=\"1024\" height=\"768\" data-id=\"346\" src=\"https:\/\/www.butine-asso.fr\/wp-content\/uploads\/2023\/05\/20230513_120728-1024x768.jpg\" alt=\"\" class=\"wp-image-346\" srcset=\"https:\/\/www.butine-asso.fr\/wp-content\/uploads\/2023\/05\/20230513_120728-1024x768.jpg 1024w, https:\/\/www.butine-asso.fr\/wp-content\/uploads\/2023\/05\/20230513_120728-300x225.jpg 300w, https:\/\/www.butine-asso.fr\/wp-content\/uploads\/2023\/05\/20230513_120728-768x576.jpg 768w, https:\/\/www.butine-asso.fr\/wp-content\/uploads\/2023\/05\/20230513_120728-1536x1152.jpg 1536w, https:\/\/www.butine-asso.fr\/wp-content\/uploads\/2023\/05\/20230513_120728-2048x1536.jpg 2048w, https:\/\/www.butine-asso.fr\/wp-content\/uploads\/2023\/05\/20230513_120728-678x509.jpg 678w, https:\/\/www.butine-asso.fr\/wp-content\/uploads\/2023\/05\/20230513_120728-326x245.jpg 326w, https:\/\/www.butine-asso.fr\/wp-content\/uploads\/2023\/05\/20230513_120728-80x60.jpg 80w\" sizes=\"auto, (max-width: 1024px) 100vw, 1024px\" \/><\/figure>\n<\/figure>\n\n\n\n<p>Ce miel de printemps tr\u00e8s doux sera pr\u00e9par\u00e9 en miel cr\u00e9meux gr\u00e2ce \u00e0 un malaxage doux pendant sa cristallisation, afin de conserver toutes ses propri\u00e9t\u00e9s.<\/p>\n\n\n\n<p>A d\u00e9guster tr\u00e8s prochainement lors des animations de Butine et compagnie, en commen\u00e7ant par la F\u00eate de la nature le samedi 27 mai apr\u00e8s-midi, au verger de sauvegarde de Longeault-Pluvault ou \u00e0 l&rsquo;\u00e9cole maternelle de Pluvault o\u00f9 nous interviendrons le lundi 22 mai.  <\/p>\n","protected":false},"excerpt":{"rendered":"<div class=\"mh-excerpt\"><p>En ce samedi matin, les apiculteurs s&rsquo;\u00e9taient donn\u00e9s rendez-vous \u00e0 la miellerie \u00e9ph\u00e9m\u00e8re pour l&rsquo;extraction du miel de printemps de l&rsquo;association. Ce miel de printemps <a class=\"mh-excerpt-more\" href=\"https:\/\/www.butine-asso.fr\/index.php\/2023\/05\/15\/miel-de-printemps\/\" title=\"Miel de printemps\">[&#8230;]<\/a><\/p>\n<\/div>","protected":false},"author":1,"featured_media":347,"comment_status":"open","ping_status":"open","sticky":false,"template":"","format":"standard","meta":{"footnotes":""},"categories":[10,6],"tags":[],"class_list":["post-344","post","type-post","status-publish","format-standard","has-post-thumbnail","hentry","category-la-vie-de-la-miellerie","category-saison-apicole"],"_links":{"self":[{"href":"https:\/\/www.butine-asso.fr\/index.php\/wp-json\/wp\/v2\/posts\/344","targetHints":{"allow":["GET"]}}],"collection":[{"href":"https:\/\/www.butine-asso.fr\/index.php\/wp-json\/wp\/v2\/posts"}],"about":[{"href":"https:\/\/www.butine-asso.fr\/index.php\/wp-json\/wp\/v2\/types\/post"}],"author":[{"embeddable":true,"href":"https:\/\/www.butine-asso.fr\/index.php\/wp-json\/wp\/v2\/users\/1"}],"replies":[{"embeddable":true,"href":"https:\/\/www.butine-asso.fr\/index.php\/wp-json\/wp\/v2\/comments?post=344"}],"version-history":[{"count":2,"href":"https:\/\/www.butine-asso.fr\/index.php\/wp-json\/wp\/v2\/posts\/344\/revisions"}],"predecessor-version":[{"id":349,"href":"https:\/\/www.butine-asso.fr\/index.php\/wp-json\/wp\/v2\/posts\/344\/revisions\/349"}],"wp:featuredmedia":[{"embeddable":true,"href":"https:\/\/www.butine-asso.fr\/index.php\/wp-json\/wp\/v2\/media\/347"}],"wp:attachment":[{"href":"https:\/\/www.butine-asso.fr\/index.php\/wp-json\/wp\/v2\/media?parent=344"}],"wp:term":[{"taxonomy":"category","embeddable":true,"href":"https:\/\/www.butine-asso.fr\/index.php\/wp-json\/wp\/v2\/categories?post=344"},{"taxonomy":"post_tag","embeddable":true,"href":"https:\/\/www.butine-asso.fr\/index.php\/wp-json\/wp\/v2\/tags?post=344"}],"curies":[{"name":"wp","href":"https:\/\/api.w.org\/{rel}","templated":true}]}}