{"id":362,"date":"2023-05-29T15:40:40","date_gmt":"2023-05-29T13:40:40","guid":{"rendered":"https:\/\/www.butine-asso.fr\/?p=362"},"modified":"2023-08-10T13:23:17","modified_gmt":"2023-08-10T11:23:17","slug":"une-miellerie-collective-pour-les-petits-producteurs","status":"publish","type":"post","link":"https:\/\/www.butine-asso.fr\/index.php\/2023\/05\/29\/une-miellerie-collective-pour-les-petits-producteurs\/","title":{"rendered":"Participez \u00e0 notre miellerie collective !"},"content":{"rendered":"\n<p>Pour lutter contre le faux miel et soutenir les petits apiculteurs, soutenez nous financi\u00e8rement en b\u00e9n\u00e9ficiant de nos contreparties : pots de miel, graines mellif\u00e8res, parrainage de ruches&#8230;<\/p>\n\n\n\n<h3 class=\"wp-block-heading\">Pour faire un don, suivez ce lien :<\/h3>\n\n\n\n<p><a href=\"https:\/\/www.helloasso.com\/associations\/butine-et-compagnie\/formulaires\/2\">https:\/\/www.helloasso.com\/associations\/butine-et-compagnie\/formulaires\/2<\/a><\/p>\n\n\n\n<p>Pour continuer nos actions de formation et de promotion d\u2019une apiculture naturelle et responsable,\u00a0<strong>nos artisans apiculteurs ont besoin d\u2019une miellerie<\/strong>. C\u2019est l\u00e0 que notre association a\u00a0<strong>besoin de vous<\/strong>\u00a0!<\/p>\n\n\n\n<p>Situ\u00e9e \u00e0 l\u2019est de la Bourgogne,<strong>&nbsp;au pied des montagnes du Jura<\/strong>, notre association<strong>&nbsp;<\/strong>est<strong>&nbsp;engag\u00e9e dans la formation des apiculteurs, la pr\u00e9servation de l\u2019environnement et la protection des abeilles<\/strong>.<\/p>\n\n\n\n<figure class=\"wp-block-image\"><img decoding=\"async\" src=\"https:\/\/bluebees.fr\/files\/static\/project\/1105\/fleur%20abeille.jpg\" alt=\"\"\/><\/figure>\n\n\n\n<p>Elle&nbsp;<strong>regroupe des petits producteurs<\/strong>&nbsp;qui partagent les m\u00eames valeurs :&nbsp; un grand respect pour les abeilles et la conviction que le travail collaboratif est la solution \u00e0 beaucoup de probl\u00e8mes. Comme dans la ruche, ensemble, nous sommes plus forts !<\/p>\n\n\n\n<h4 class=\"wp-block-heading\"><strong>Le bien \u00eatre des abeilles&nbsp;: notre priorit\u00e9<\/strong><\/h4>\n\n\n\n<p>Face aux agressions climatiques et environnementales,<strong>&nbsp;les abeilles sont en danger<\/strong>. Pour r\u00e9agir, quelques apiculteurs se regroupent pour fonder&nbsp;<strong>un rucher \u00e9cole au b\u00e9n\u00e9fice des petits apiculteurs.<\/strong><\/p>\n\n\n\n<p>Il d\u00e9livre aujourd\u2019hui&nbsp;<strong>100 heures de formation pratique et th\u00e9orique par an<\/strong>&nbsp;et accueille petits producteurs et amateurs ayant d\u00e9cid\u00e9 de pratiquer une apiculture respectueuse des abeilles et de leur environnement.<\/p>\n\n\n\n<figure class=\"wp-block-image\"><img decoding=\"async\" src=\"https:\/\/bluebees.fr\/files\/static\/project\/1105\/combis%20format%20paysage.jpg\" alt=\"\"\/><\/figure>\n\n\n\n<p>Au-del\u00e0 de la formation,&nbsp;<strong>notre association \u0153uvre au<\/strong>&nbsp;<strong>d\u00e9veloppement des circuits courts et de l\u2019\u00e9conomie locale<\/strong>, avec le soutien des amis des abeilles et des amateurs de bons miels naturels.<\/p>\n\n\n\n<h4 class=\"wp-block-heading\"><strong>&nbsp;<\/strong><\/h4>\n\n\n\n<h4 class=\"wp-block-heading\"><strong>Une association int\u00e9gr\u00e9e et reconnue au sein de la communaut\u00e9<\/strong><\/h4>\n\n\n\n<p>En&nbsp;<strong>2019, notre rucher \u00e9cole voit le jour<\/strong>&nbsp;pour lutter contre la mortalit\u00e9 hivernale des abeilles.<\/p>\n\n\n\n<p>Depuis deux ans, gr\u00e2ce \u00e0 une apiculture au plus proche des besoins des abeilles et de leur environnement,<strong>&nbsp;le succ\u00e8s est au rendez-vous : la mortalit\u00e9 hivernale est pass\u00e9e de 30% \u00e0 5% chez nos apprenants !<\/strong><\/p>\n\n\n\n<p>En 2021, nous intervenons dans le cadre de la formation des apiculteurs amateurs aupr\u00e8s du Syndicat apicole de la C\u00f4te d\u2019Or.<\/p>\n\n\n\n<p>En 2022, la&nbsp;<strong>commune de Longeault-Pluvault nous apporte son soutien en mettant \u00e0 notre disposition son verger de sauvegarde de vari\u00e9t\u00e9s anciennes,&nbsp;<\/strong>dans une zone naturelle,<strong>&nbsp;pour installer notre rucher \u00e9cole.<\/strong><\/p>\n\n\n\n<figure class=\"wp-block-image\"><img decoding=\"async\" src=\"https:\/\/bluebees.fr\/files\/static\/project\/1105\/Montage%20partenaires.jpg\" alt=\"\"\/><\/figure>\n\n\n\n<p>Nous<strong>&nbsp;intervenons \u00e9galement aupr\u00e8s du public<\/strong>&nbsp;lors d\u2019\u00e9v\u00e8nements de sensibilisation \u00e0 la protection de l\u2019environnement et au respect de la biodiversit\u00e9, sur des march\u00e9s de producteurs ou encore aupr\u00e8s des \u00e9coles.<\/p>\n\n\n\n<h4 class=\"wp-block-heading\"><strong>&nbsp;<\/strong><\/h4>\n\n\n\n<h4 class=\"wp-block-heading\"><strong>Une miellerie collective pour boucler la boucle&nbsp;!<\/strong><\/h4>\n\n\n\n<figure class=\"wp-block-image\"><img decoding=\"async\" src=\"https:\/\/bluebees.fr\/files\/static\/project\/1105\/ruches.jpg\" alt=\"\"\/><\/figure>\n\n\n\n<p>Sans comp\u00e9tition entre les esp\u00e8ces,&nbsp;<strong>nos ruches en bonne sant\u00e9 produisent un miel d\u2019excellente qualit\u00e9<\/strong>. Pour le valoriser, il&nbsp;<strong>nous faut une miellerie afin de boucler la cha\u00eene,&nbsp;<\/strong>des fleurs aux abeilles et des abeilles aux consommateurs de miel.&nbsp;&nbsp;&nbsp;<\/p>\n\n\n\n<p>Convaincus de la force du collectif, nous mettons sur pied ce projet de miellerie collective, destin\u00e9e aux petits producteurs.<\/p>\n\n\n\n<figure class=\"wp-block-image\"><img decoding=\"async\" src=\"https:\/\/bluebees.fr\/files\/static\/project\/1105\/Illustration%20miellerie%20collective.jpg\" alt=\"\"\/><\/figure>\n\n\n\n<p>&nbsp;En janvier 2023,<strong>&nbsp;notre projet s&rsquo;est vu d\u00e9cerner le prix d\u00e9partemental \u00ab Initiatives Associations \u00bb par la Banque Populaire Bourgogne Franche-Comt\u00e9<\/strong>. Ce prix de 1000 \u20ac nous a permis d\u2019acheter les premiers \u00e9l\u00e9ments de notre miellerie.&nbsp; Aujourd\u2019hui, nous avons besoin de vous pour&nbsp;<strong>financer l\u2019\u00e9quipement et l\u2019agr\u00e9ment de la miellerie&nbsp;<\/strong>pour l\u2019ouvrir aux apiculteurs !<\/p>\n\n\n\n<h4 class=\"wp-block-heading\">&nbsp;<\/h4>\n\n\n\n<h4 class=\"wp-block-heading\"><strong>A quoi servira la somme collect\u00e9e&nbsp;?<\/strong><\/h4>\n\n\n\n<ul class=\"wp-block-list\">\n<li>Avec&nbsp;<strong>2000 \u20ac<\/strong>&nbsp;: nous pourrons<strong>&nbsp;acheter un extracteur pour extraire le miel des rayons en conservant toutes ses qualit\u00e9s<\/strong><\/li>\n\n\n\n<li>Avec&nbsp;<strong>5000 \u20ac&nbsp;<\/strong>: nous pourrons ajouter<strong>&nbsp;une doseuse pour faciliter le conditionnement du miel<\/strong>&nbsp;et sa mise en pot<\/li>\n\n\n\n<li>Avec&nbsp;<strong>7000 \u20ac<\/strong>&nbsp;: nous ajouterons&nbsp;<strong>un four et robot de cuisine afin de confectionner nougats et pains d\u2019\u00e9pices&nbsp;<\/strong>et ainsi diversifier la production des artisans<\/li>\n\n\n\n<li>Avec&nbsp;<strong>9500 \u20ac&nbsp;<\/strong>: nous pourrons en plus installer une&nbsp;<strong>chambre temp\u00e9r\u00e9e pour conserver le miel dans les conditions de la ruche&nbsp;<\/strong>et lui conserver toutes ses qualit\u00e9s avant son conditionnement.<\/li>\n<\/ul>\n\n\n\n<h4 class=\"wp-block-heading\"><strong>Pourquoi nous avons fait appel au financement participatif&nbsp;?<\/strong><\/h4>\n\n\n\n<figure class=\"wp-block-image\"><img decoding=\"async\" src=\"https:\/\/bluebees.fr\/files\/static\/project\/1105\/Montage%20extraction%20rayon%202.jpg\" alt=\"\"\/><\/figure>\n\n\n\n<p>Tous&nbsp;<strong>nos adh\u00e9rents investissent beaucoup de leur temps et de leurs propres ressources<\/strong>&nbsp;pour animer notre rucher \u00e9cole et d\u00e9fendre la biodiversit\u00e9 aupr\u00e8s des collectivit\u00e9s territoriales et du public.<\/p>\n\n\n\n<p>Notre miellerie permettra aux petits producteurs de valoriser leurs efforts pour une apiculture naturelle et respectueuse de l\u2019abeille et de son environnement. Mais nous n\u2019avons pas les capacit\u00e9s de&nbsp;<strong>financer cette miellerie sans d\u00e9laisser notre rucher \u00e9cole<\/strong>&nbsp;et nos autres actions de sensibilisation.<\/p>\n\n\n\n<p>A travers le financement participatif,&nbsp;<strong>vous pouvez nous aider \u00e0 relever ce d\u00e9fi.&nbsp;&nbsp;<\/strong>Nous sommes persuad\u00e9s, qu\u2019<strong>ensemble<\/strong>, nous pouvons \u0153uvrer pour dynamiser les circuits courts<strong>&nbsp;<\/strong>et<strong>&nbsp;p\u00e9renniser une apiculture responsable<\/strong>.<\/p>\n\n\n\n<h4 class=\"wp-block-heading\">&nbsp;<\/h4>\n\n\n\n<h4 class=\"wp-block-heading\"><strong>4 bonnes raisons de croire en notre projet<\/strong><\/h4>\n\n\n\n<p>Soutenir notre projet de miellerie collective c\u2019est&nbsp;:<\/p>\n\n\n\n<ol class=\"wp-block-list\">\n<li><strong>Soutenir une apiculture de qualit\u00e9&nbsp;<\/strong>respectueuse des abeilles.<\/li>\n\n\n\n<li>D\u00e9velopper l\u2019<strong>\u00e9conomie locale et les circuits courts<\/strong>.<\/li>\n\n\n\n<li><strong>Permettre aux consommateurs d\u2019acc\u00e9der \u00e0 des produits locaux et artisanaux<\/strong>.<\/li>\n\n\n\n<li>Montrer que la voie du collectif et du participatif permet la\u00a0<strong>r\u00e9ussite de beaux projets<\/strong>.<\/li>\n<\/ol>\n\n\n\n<h3 class=\"wp-block-heading\">Pour faire un don, suivez ce lien :<\/h3>\n\n\n\n<p><a href=\"https:\/\/www.helloasso.com\/associations\/butine-et-compagnie\/formulaires\/2\">https:\/\/www.helloasso.com\/associations\/butine-et-compagnie\/formulaires\/2<\/a><\/p>\n\n\n\n<h4 class=\"wp-block-heading\"><strong>En savoir plus<\/strong><\/h4>\n\n\n\n<p>Vous souhaitez nous soutenir en plus de votre participation financi\u00e8re ? Suivez nous sur nos diff\u00e9rents r\u00e9seaux ! Une question ? Contactez nous !<\/p>\n\n\n\n<p>Merci de votre soutien financier ! Et parlez en autour de vous. Plus nous serons nombreux \u00e0 soutenir financi\u00e8rement notre miellerie, plus vite nous pourrons la mettre \u00e0 disposition des petits producteurs. <\/p>\n\n\n\n<div style=\"height:225px\" aria-hidden=\"true\" class=\"wp-block-spacer\"><\/div>\n\n\n\n<p><\/p>\n\n\n\n<p><\/p>\n\n\n\n<p><\/p>\n","protected":false},"excerpt":{"rendered":"<div class=\"mh-excerpt\"><p>Pour lutter contre le faux miel et soutenir les petits apiculteurs, soutenez nous financi\u00e8rement en b\u00e9n\u00e9ficiant de nos contreparties : pots de miel, graines mellif\u00e8res, <a class=\"mh-excerpt-more\" href=\"https:\/\/www.butine-asso.fr\/index.php\/2023\/05\/29\/une-miellerie-collective-pour-les-petits-producteurs\/\" title=\"Participez \u00e0 notre miellerie collective !\">[&#8230;]<\/a><\/p>\n<\/div>","protected":false},"author":1,"featured_media":376,"comment_status":"open","ping_status":"open","sticky":false,"template":"","format":"standard","meta":{"footnotes":""},"categories":[14,13,10],"tags":[],"class_list":["post-362","post","type-post","status-publish","format-standard","has-post-thumbnail","hentry","category-demarche-ecoresponsable","category-evenements","category-la-vie-de-la-miellerie"],"_links":{"self":[{"href":"https:\/\/www.butine-asso.fr\/index.php\/wp-json\/wp\/v2\/posts\/362","targetHints":{"allow":["GET"]}}],"collection":[{"href":"https:\/\/www.butine-asso.fr\/index.php\/wp-json\/wp\/v2\/posts"}],"about":[{"href":"https:\/\/www.butine-asso.fr\/index.php\/wp-json\/wp\/v2\/types\/post"}],"author":[{"embeddable":true,"href":"https:\/\/www.butine-asso.fr\/index.php\/wp-json\/wp\/v2\/users\/1"}],"replies":[{"embeddable":true,"href":"https:\/\/www.butine-asso.fr\/index.php\/wp-json\/wp\/v2\/comments?post=362"}],"version-history":[{"count":10,"href":"https:\/\/www.butine-asso.fr\/index.php\/wp-json\/wp\/v2\/posts\/362\/revisions"}],"predecessor-version":[{"id":416,"href":"https:\/\/www.butine-asso.fr\/index.php\/wp-json\/wp\/v2\/posts\/362\/revisions\/416"}],"wp:featuredmedia":[{"embeddable":true,"href":"https:\/\/www.butine-asso.fr\/index.php\/wp-json\/wp\/v2\/media\/376"}],"wp:attachment":[{"href":"https:\/\/www.butine-asso.fr\/index.php\/wp-json\/wp\/v2\/media?parent=362"}],"wp:term":[{"taxonomy":"category","embeddable":true,"href":"https:\/\/www.butine-asso.fr\/index.php\/wp-json\/wp\/v2\/categories?post=362"},{"taxonomy":"post_tag","embeddable":true,"href":"https:\/\/www.butine-asso.fr\/index.php\/wp-json\/wp\/v2\/tags?post=362"}],"curies":[{"name":"wp","href":"https:\/\/api.w.org\/{rel}","templated":true}]}}