{"id":367,"date":"2023-05-28T15:57:44","date_gmt":"2023-05-28T13:57:44","guid":{"rendered":"https:\/\/www.butine-asso.fr\/?p=367"},"modified":"2023-05-28T15:57:44","modified_gmt":"2023-05-28T13:57:44","slug":"fete-de-la-nature-un-succes","status":"publish","type":"post","link":"https:\/\/www.butine-asso.fr\/index.php\/2023\/05\/28\/fete-de-la-nature-un-succes\/","title":{"rendered":"F\u00eate de la nature : un succ\u00e8s !"},"content":{"rendered":"\n<p>Samedi 27 mai, l&rsquo;association Butine &amp; Cie, organisatrice officielle de la F\u00eate de la nature recevait le public pour des activit\u00e9s gratuites de d\u00e9couverte des pollinisateurs et des abeilles dans le verger de sauvegarde de la commune de Longeault-Pluvault.<\/p>\n\n\n\n<p>Pr\u00e8s de 90 visiteurs ont pu profiter des activit\u00e9s pour les enfants et les grands : observation des insectes \u00e0 la loupe binoculaire, observation d&rsquo;une colonie d&rsquo;abeilles dans une ruche vitr\u00e9e, coloriages, activit\u00e9s avec la cire d&rsquo;abeille, d\u00e9gustation de diff\u00e9rents miels, et obtenir des r\u00e9ponses \u00e0 toutes leurs questions.<\/p>\n\n\n\n<p>La pr\u00e9sence remarqu\u00e9e du maire, du maire d\u00e9l\u00e9gu\u00e9 et de quelques conseillers, venus en famille, d\u00e9montre une nouvelle fois l&rsquo;int\u00e9gration de notre association au sein de la commune de Longeault-Pluvault.<\/p>\n\n\n\n<figure class=\"wp-block-gallery has-nested-images columns-default is-cropped wp-block-gallery-1 is-layout-flex wp-block-gallery-is-layout-flex\">\n<figure class=\"wp-block-image size-large\"><img loading=\"lazy\" decoding=\"async\" width=\"1024\" height=\"768\" data-id=\"369\" src=\"https:\/\/www.butine-asso.fr\/wp-content\/uploads\/2023\/05\/20230527_114845-1024x768.jpg\" alt=\"\" class=\"wp-image-369\" srcset=\"https:\/\/www.butine-asso.fr\/wp-content\/uploads\/2023\/05\/20230527_114845-1024x768.jpg 1024w, https:\/\/www.butine-asso.fr\/wp-content\/uploads\/2023\/05\/20230527_114845-300x225.jpg 300w, https:\/\/www.butine-asso.fr\/wp-content\/uploads\/2023\/05\/20230527_114845-768x576.jpg 768w, https:\/\/www.butine-asso.fr\/wp-content\/uploads\/2023\/05\/20230527_114845-1536x1152.jpg 1536w, https:\/\/www.butine-asso.fr\/wp-content\/uploads\/2023\/05\/20230527_114845-2048x1536.jpg 2048w, https:\/\/www.butine-asso.fr\/wp-content\/uploads\/2023\/05\/20230527_114845-678x509.jpg 678w, https:\/\/www.butine-asso.fr\/wp-content\/uploads\/2023\/05\/20230527_114845-326x245.jpg 326w, https:\/\/www.butine-asso.fr\/wp-content\/uploads\/2023\/05\/20230527_114845-80x60.jpg 80w\" sizes=\"auto, (max-width: 1024px) 100vw, 1024px\" \/><\/figure>\n\n\n\n<figure class=\"wp-block-image size-large\"><img loading=\"lazy\" decoding=\"async\" width=\"1024\" height=\"768\" data-id=\"371\" src=\"https:\/\/www.butine-asso.fr\/wp-content\/uploads\/2023\/05\/20230527_163116-1024x768.jpg\" alt=\"\" class=\"wp-image-371\" srcset=\"https:\/\/www.butine-asso.fr\/wp-content\/uploads\/2023\/05\/20230527_163116-1024x768.jpg 1024w, https:\/\/www.butine-asso.fr\/wp-content\/uploads\/2023\/05\/20230527_163116-300x225.jpg 300w, https:\/\/www.butine-asso.fr\/wp-content\/uploads\/2023\/05\/20230527_163116-768x576.jpg 768w, https:\/\/www.butine-asso.fr\/wp-content\/uploads\/2023\/05\/20230527_163116-1536x1152.jpg 1536w, https:\/\/www.butine-asso.fr\/wp-content\/uploads\/2023\/05\/20230527_163116-2048x1536.jpg 2048w, https:\/\/www.butine-asso.fr\/wp-content\/uploads\/2023\/05\/20230527_163116-678x509.jpg 678w, https:\/\/www.butine-asso.fr\/wp-content\/uploads\/2023\/05\/20230527_163116-326x245.jpg 326w, https:\/\/www.butine-asso.fr\/wp-content\/uploads\/2023\/05\/20230527_163116-80x60.jpg 80w\" sizes=\"auto, (max-width: 1024px) 100vw, 1024px\" \/><\/figure>\n\n\n\n<figure class=\"wp-block-image size-large\"><img loading=\"lazy\" decoding=\"async\" width=\"1024\" height=\"768\" data-id=\"372\" src=\"https:\/\/www.butine-asso.fr\/wp-content\/uploads\/2023\/05\/20230527_163128-1024x768.jpg\" alt=\"\" class=\"wp-image-372\" srcset=\"https:\/\/www.butine-asso.fr\/wp-content\/uploads\/2023\/05\/20230527_163128-1024x768.jpg 1024w, https:\/\/www.butine-asso.fr\/wp-content\/uploads\/2023\/05\/20230527_163128-300x225.jpg 300w, https:\/\/www.butine-asso.fr\/wp-content\/uploads\/2023\/05\/20230527_163128-768x576.jpg 768w, https:\/\/www.butine-asso.fr\/wp-content\/uploads\/2023\/05\/20230527_163128-1536x1152.jpg 1536w, https:\/\/www.butine-asso.fr\/wp-content\/uploads\/2023\/05\/20230527_163128-2048x1536.jpg 2048w, https:\/\/www.butine-asso.fr\/wp-content\/uploads\/2023\/05\/20230527_163128-678x509.jpg 678w, https:\/\/www.butine-asso.fr\/wp-content\/uploads\/2023\/05\/20230527_163128-326x245.jpg 326w, https:\/\/www.butine-asso.fr\/wp-content\/uploads\/2023\/05\/20230527_163128-80x60.jpg 80w\" sizes=\"auto, (max-width: 1024px) 100vw, 1024px\" \/><\/figure>\n\n\n\n<figure class=\"wp-block-image size-large\"><img loading=\"lazy\" decoding=\"async\" width=\"1024\" height=\"768\" data-id=\"368\" src=\"https:\/\/www.butine-asso.fr\/wp-content\/uploads\/2023\/05\/20230527_150456-1024x768.jpg\" alt=\"\" class=\"wp-image-368\" srcset=\"https:\/\/www.butine-asso.fr\/wp-content\/uploads\/2023\/05\/20230527_150456-1024x768.jpg 1024w, https:\/\/www.butine-asso.fr\/wp-content\/uploads\/2023\/05\/20230527_150456-300x225.jpg 300w, https:\/\/www.butine-asso.fr\/wp-content\/uploads\/2023\/05\/20230527_150456-768x576.jpg 768w, https:\/\/www.butine-asso.fr\/wp-content\/uploads\/2023\/05\/20230527_150456-1536x1152.jpg 1536w, https:\/\/www.butine-asso.fr\/wp-content\/uploads\/2023\/05\/20230527_150456-2048x1536.jpg 2048w, https:\/\/www.butine-asso.fr\/wp-content\/uploads\/2023\/05\/20230527_150456-678x509.jpg 678w, https:\/\/www.butine-asso.fr\/wp-content\/uploads\/2023\/05\/20230527_150456-326x245.jpg 326w, https:\/\/www.butine-asso.fr\/wp-content\/uploads\/2023\/05\/20230527_150456-80x60.jpg 80w\" sizes=\"auto, (max-width: 1024px) 100vw, 1024px\" \/><\/figure>\n\n\n\n<figure class=\"wp-block-image size-large\"><img loading=\"lazy\" decoding=\"async\" width=\"1024\" height=\"768\" data-id=\"370\" src=\"https:\/\/www.butine-asso.fr\/wp-content\/uploads\/2023\/05\/20230527_152404-1024x768.jpg\" alt=\"\" class=\"wp-image-370\" srcset=\"https:\/\/www.butine-asso.fr\/wp-content\/uploads\/2023\/05\/20230527_152404-1024x768.jpg 1024w, https:\/\/www.butine-asso.fr\/wp-content\/uploads\/2023\/05\/20230527_152404-300x225.jpg 300w, https:\/\/www.butine-asso.fr\/wp-content\/uploads\/2023\/05\/20230527_152404-768x576.jpg 768w, https:\/\/www.butine-asso.fr\/wp-content\/uploads\/2023\/05\/20230527_152404-1536x1152.jpg 1536w, https:\/\/www.butine-asso.fr\/wp-content\/uploads\/2023\/05\/20230527_152404-2048x1536.jpg 2048w, https:\/\/www.butine-asso.fr\/wp-content\/uploads\/2023\/05\/20230527_152404-678x509.jpg 678w, https:\/\/www.butine-asso.fr\/wp-content\/uploads\/2023\/05\/20230527_152404-326x245.jpg 326w, https:\/\/www.butine-asso.fr\/wp-content\/uploads\/2023\/05\/20230527_152404-80x60.jpg 80w\" sizes=\"auto, (max-width: 1024px) 100vw, 1024px\" \/><\/figure>\n<\/figure>\n","protected":false},"excerpt":{"rendered":"<div class=\"mh-excerpt\"><p>Samedi 27 mai, l&rsquo;association Butine &amp; Cie, organisatrice officielle de la F\u00eate de la nature recevait le public pour des activit\u00e9s gratuites de d\u00e9couverte des <a class=\"mh-excerpt-more\" href=\"https:\/\/www.butine-asso.fr\/index.php\/2023\/05\/28\/fete-de-la-nature-un-succes\/\" title=\"F\u00eate de la nature : un succ\u00e8s !\">[&#8230;]<\/a><\/p>\n<\/div>","protected":false},"author":1,"featured_media":325,"comment_status":"open","ping_status":"open","sticky":false,"template":"","format":"standard","meta":{"footnotes":""},"categories":[13],"tags":[],"class_list":["post-367","post","type-post","status-publish","format-standard","has-post-thumbnail","hentry","category-evenements"],"_links":{"self":[{"href":"https:\/\/www.butine-asso.fr\/index.php\/wp-json\/wp\/v2\/posts\/367","targetHints":{"allow":["GET"]}}],"collection":[{"href":"https:\/\/www.butine-asso.fr\/index.php\/wp-json\/wp\/v2\/posts"}],"about":[{"href":"https:\/\/www.butine-asso.fr\/index.php\/wp-json\/wp\/v2\/types\/post"}],"author":[{"embeddable":true,"href":"https:\/\/www.butine-asso.fr\/index.php\/wp-json\/wp\/v2\/users\/1"}],"replies":[{"embeddable":true,"href":"https:\/\/www.butine-asso.fr\/index.php\/wp-json\/wp\/v2\/comments?post=367"}],"version-history":[{"count":1,"href":"https:\/\/www.butine-asso.fr\/index.php\/wp-json\/wp\/v2\/posts\/367\/revisions"}],"predecessor-version":[{"id":373,"href":"https:\/\/www.butine-asso.fr\/index.php\/wp-json\/wp\/v2\/posts\/367\/revisions\/373"}],"wp:featuredmedia":[{"embeddable":true,"href":"https:\/\/www.butine-asso.fr\/index.php\/wp-json\/wp\/v2\/media\/325"}],"wp:attachment":[{"href":"https:\/\/www.butine-asso.fr\/index.php\/wp-json\/wp\/v2\/media?parent=367"}],"wp:term":[{"taxonomy":"category","embeddable":true,"href":"https:\/\/www.butine-asso.fr\/index.php\/wp-json\/wp\/v2\/categories?post=367"},{"taxonomy":"post_tag","embeddable":true,"href":"https:\/\/www.butine-asso.fr\/index.php\/wp-json\/wp\/v2\/tags?post=367"}],"curies":[{"name":"wp","href":"https:\/\/api.w.org\/{rel}","templated":true}]}}