{"id":418,"date":"2023-09-20T16:00:52","date_gmt":"2023-09-20T14:00:52","guid":{"rendered":"https:\/\/www.butine-asso.fr\/?p=418"},"modified":"2023-09-20T16:02:09","modified_gmt":"2023-09-20T14:02:09","slug":"septembre-le-bon-mois-pour-preparer-lhivernage","status":"publish","type":"post","link":"https:\/\/www.butine-asso.fr\/index.php\/2023\/09\/20\/septembre-le-bon-mois-pour-preparer-lhivernage\/","title":{"rendered":"Septembre, le bon mois pour pr\u00e9parer l&rsquo;hivernage"},"content":{"rendered":"\n<p>Une fois n&rsquo;est pas coutume, cette s\u00e9ance de rucher \u00e9cole a eu lieu sur un des ruchers nos membres afin de permettre \u00e0 chacun d&rsquo;\u00e9tudier diff\u00e9rents cas et s&rsquo;entra\u00eener \u00e0 pr\u00e9parer la mise en hivernage de ses propres colonies. Cette s\u00e9ance faisait suite \u00e0 la s\u00e9ance technique ayant eu lieu, le lundi pr\u00e9c\u00e9dent (les cours th\u00e9oriques sont diffus\u00e9s par vid\u00e9oconf\u00e9rence un lundi sur deux, toute l&rsquo;ann\u00e9e). <\/p>\n\n\n\n<p>Contr\u00f4le des r\u00e9serves glucidiques, prot\u00e9iques et lipidiques, dynamique de la reine, adaptation de la taille de la ruche \u00e0 celle de la colonie, regroupement de colonies plus faibles, v\u00e9rification de l&rsquo;absence de maladies, v\u00e9rification de l&rsquo;infestation du parasite varroa, protection contre les frelons asiatiques, toutes ces notions th\u00e9oriques ont \u00e9t\u00e9 mises en pratique. L&rsquo;ann\u00e9e prochaine se pr\u00e9pare aujourd&rsquo;hui.<\/p>\n\n\n\n<figure class=\"wp-block-gallery has-nested-images columns-default is-cropped wp-block-gallery-1 is-layout-flex wp-block-gallery-is-layout-flex\">\n<figure class=\"wp-block-image size-large\"><img loading=\"lazy\" decoding=\"async\" width=\"768\" height=\"1024\" data-id=\"419\" src=\"https:\/\/www.butine-asso.fr\/wp-content\/uploads\/2023\/09\/IMG-20230917-WA0004-768x1024.jpg\" alt=\"\" class=\"wp-image-419\" srcset=\"https:\/\/www.butine-asso.fr\/wp-content\/uploads\/2023\/09\/IMG-20230917-WA0004-768x1024.jpg 768w, https:\/\/www.butine-asso.fr\/wp-content\/uploads\/2023\/09\/IMG-20230917-WA0004-225x300.jpg 225w, https:\/\/www.butine-asso.fr\/wp-content\/uploads\/2023\/09\/IMG-20230917-WA0004-1152x1536.jpg 1152w, https:\/\/www.butine-asso.fr\/wp-content\/uploads\/2023\/09\/IMG-20230917-WA0004.jpg 1500w\" sizes=\"auto, (max-width: 768px) 100vw, 768px\" \/><\/figure>\n\n\n\n<figure class=\"wp-block-image size-large\"><img loading=\"lazy\" decoding=\"async\" width=\"768\" height=\"1024\" data-id=\"420\" src=\"https:\/\/www.butine-asso.fr\/wp-content\/uploads\/2023\/09\/IMG-20230917-WA0005-768x1024.jpg\" alt=\"\" class=\"wp-image-420\" srcset=\"https:\/\/www.butine-asso.fr\/wp-content\/uploads\/2023\/09\/IMG-20230917-WA0005-768x1024.jpg 768w, https:\/\/www.butine-asso.fr\/wp-content\/uploads\/2023\/09\/IMG-20230917-WA0005-225x300.jpg 225w, https:\/\/www.butine-asso.fr\/wp-content\/uploads\/2023\/09\/IMG-20230917-WA0005-1152x1536.jpg 1152w, https:\/\/www.butine-asso.fr\/wp-content\/uploads\/2023\/09\/IMG-20230917-WA0005.jpg 1500w\" sizes=\"auto, (max-width: 768px) 100vw, 768px\" \/><\/figure>\n\n\n\n<figure class=\"wp-block-image size-large\"><img loading=\"lazy\" decoding=\"async\" width=\"768\" height=\"1024\" data-id=\"423\" src=\"https:\/\/www.butine-asso.fr\/wp-content\/uploads\/2023\/09\/IMG-20230917-WA0006-768x1024.jpg\" alt=\"\" class=\"wp-image-423\" srcset=\"https:\/\/www.butine-asso.fr\/wp-content\/uploads\/2023\/09\/IMG-20230917-WA0006-768x1024.jpg 768w, https:\/\/www.butine-asso.fr\/wp-content\/uploads\/2023\/09\/IMG-20230917-WA0006-225x300.jpg 225w, https:\/\/www.butine-asso.fr\/wp-content\/uploads\/2023\/09\/IMG-20230917-WA0006-1152x1536.jpg 1152w, https:\/\/www.butine-asso.fr\/wp-content\/uploads\/2023\/09\/IMG-20230917-WA0006.jpg 1500w\" sizes=\"auto, (max-width: 768px) 100vw, 768px\" \/><\/figure>\n\n\n\n<figure class=\"wp-block-image size-large\"><img loading=\"lazy\" decoding=\"async\" width=\"768\" height=\"1024\" data-id=\"424\" src=\"https:\/\/www.butine-asso.fr\/wp-content\/uploads\/2023\/09\/IMG-20230917-WA0007-768x1024.jpg\" alt=\"\" class=\"wp-image-424\" srcset=\"https:\/\/www.butine-asso.fr\/wp-content\/uploads\/2023\/09\/IMG-20230917-WA0007-768x1024.jpg 768w, https:\/\/www.butine-asso.fr\/wp-content\/uploads\/2023\/09\/IMG-20230917-WA0007-225x300.jpg 225w, https:\/\/www.butine-asso.fr\/wp-content\/uploads\/2023\/09\/IMG-20230917-WA0007-1152x1536.jpg 1152w, https:\/\/www.butine-asso.fr\/wp-content\/uploads\/2023\/09\/IMG-20230917-WA0007.jpg 1500w\" sizes=\"auto, (max-width: 768px) 100vw, 768px\" \/><\/figure>\n\n\n\n<figure class=\"wp-block-image size-large\"><img loading=\"lazy\" decoding=\"async\" width=\"768\" height=\"1024\" data-id=\"421\" src=\"https:\/\/www.butine-asso.fr\/wp-content\/uploads\/2023\/09\/IMG-20230917-WA0001-768x1024.jpg\" alt=\"\" class=\"wp-image-421\" srcset=\"https:\/\/www.butine-asso.fr\/wp-content\/uploads\/2023\/09\/IMG-20230917-WA0001-768x1024.jpg 768w, https:\/\/www.butine-asso.fr\/wp-content\/uploads\/2023\/09\/IMG-20230917-WA0001-225x300.jpg 225w, https:\/\/www.butine-asso.fr\/wp-content\/uploads\/2023\/09\/IMG-20230917-WA0001-1152x1536.jpg 1152w, https:\/\/www.butine-asso.fr\/wp-content\/uploads\/2023\/09\/IMG-20230917-WA0001.jpg 1500w\" sizes=\"auto, (max-width: 768px) 100vw, 768px\" \/><\/figure>\n\n\n\n<figure class=\"wp-block-image size-large\"><img loading=\"lazy\" decoding=\"async\" width=\"768\" height=\"1024\" data-id=\"422\" src=\"https:\/\/www.butine-asso.fr\/wp-content\/uploads\/2023\/09\/IMG-20230917-WA0003-768x1024.jpg\" alt=\"\" class=\"wp-image-422\" srcset=\"https:\/\/www.butine-asso.fr\/wp-content\/uploads\/2023\/09\/IMG-20230917-WA0003-768x1024.jpg 768w, https:\/\/www.butine-asso.fr\/wp-content\/uploads\/2023\/09\/IMG-20230917-WA0003-225x300.jpg 225w, https:\/\/www.butine-asso.fr\/wp-content\/uploads\/2023\/09\/IMG-20230917-WA0003-1152x1536.jpg 1152w, https:\/\/www.butine-asso.fr\/wp-content\/uploads\/2023\/09\/IMG-20230917-WA0003.jpg 1500w\" sizes=\"auto, (max-width: 768px) 100vw, 768px\" \/><\/figure>\n<\/figure>\n","protected":false},"excerpt":{"rendered":"<div class=\"mh-excerpt\"><p>Une fois n&rsquo;est pas coutume, cette s\u00e9ance de rucher \u00e9cole a eu lieu sur un des ruchers nos membres afin de permettre \u00e0 chacun d&rsquo;\u00e9tudier <a class=\"mh-excerpt-more\" href=\"https:\/\/www.butine-asso.fr\/index.php\/2023\/09\/20\/septembre-le-bon-mois-pour-preparer-lhivernage\/\" title=\"Septembre, le bon mois pour pr\u00e9parer l&rsquo;hivernage\">[&#8230;]<\/a><\/p>\n<\/div>","protected":false},"author":1,"featured_media":425,"comment_status":"open","ping_status":"open","sticky":false,"template":"","format":"standard","meta":{"footnotes":""},"categories":[8,15,6],"tags":[],"class_list":["post-418","post","type-post","status-publish","format-standard","has-post-thumbnail","hentry","category-hivernage","category-rucher-ecole","category-saison-apicole"],"_links":{"self":[{"href":"https:\/\/www.butine-asso.fr\/index.php\/wp-json\/wp\/v2\/posts\/418","targetHints":{"allow":["GET"]}}],"collection":[{"href":"https:\/\/www.butine-asso.fr\/index.php\/wp-json\/wp\/v2\/posts"}],"about":[{"href":"https:\/\/www.butine-asso.fr\/index.php\/wp-json\/wp\/v2\/types\/post"}],"author":[{"embeddable":true,"href":"https:\/\/www.butine-asso.fr\/index.php\/wp-json\/wp\/v2\/users\/1"}],"replies":[{"embeddable":true,"href":"https:\/\/www.butine-asso.fr\/index.php\/wp-json\/wp\/v2\/comments?post=418"}],"version-history":[{"count":2,"href":"https:\/\/www.butine-asso.fr\/index.php\/wp-json\/wp\/v2\/posts\/418\/revisions"}],"predecessor-version":[{"id":427,"href":"https:\/\/www.butine-asso.fr\/index.php\/wp-json\/wp\/v2\/posts\/418\/revisions\/427"}],"wp:featuredmedia":[{"embeddable":true,"href":"https:\/\/www.butine-asso.fr\/index.php\/wp-json\/wp\/v2\/media\/425"}],"wp:attachment":[{"href":"https:\/\/www.butine-asso.fr\/index.php\/wp-json\/wp\/v2\/media?parent=418"}],"wp:term":[{"taxonomy":"category","embeddable":true,"href":"https:\/\/www.butine-asso.fr\/index.php\/wp-json\/wp\/v2\/categories?post=418"},{"taxonomy":"post_tag","embeddable":true,"href":"https:\/\/www.butine-asso.fr\/index.php\/wp-json\/wp\/v2\/tags?post=418"}],"curies":[{"name":"wp","href":"https:\/\/api.w.org\/{rel}","templated":true}]}}