{"id":432,"date":"2024-02-01T11:05:12","date_gmt":"2024-02-01T10:05:12","guid":{"rendered":"https:\/\/www.butine-asso.fr\/?p=432"},"modified":"2024-03-01T11:09:28","modified_gmt":"2024-03-01T10:09:28","slug":"rapport-dactivite-2023","status":"publish","type":"post","link":"https:\/\/www.butine-asso.fr\/index.php\/2024\/02\/01\/rapport-dactivite-2023\/","title":{"rendered":"RAPPORT D\u2019ACTIVIT\u00c9 2023\u00a0"},"content":{"rendered":"\n<p><strong>\u200b\u200bACTIVIT\u00c9S DE L\u2019ASSOCIATION<\/strong>\u00a0<\/p>\n\n\n\n<ol class=\"wp-block-list\" start=\"1\">\n<li><strong>Activit\u00e9s au b\u00e9n\u00e9fice des apiculteurs<\/strong>&nbsp;<\/li>\n<\/ol>\n\n\n\n<ul class=\"wp-block-list\">\n<li>Janvier\u202f: Organisation d\u2019une commande group\u00e9e de mat\u00e9riel apicole. Apr\u00e8s n\u00e9gociation, l\u2019association a permis aux apiculteurs d\u2019obtenir une remise de 10% sur la totalit\u00e9 de leurs achats de mat\u00e9riel apicole.&nbsp;<\/li>\n\n\n\n<li>Mars\u202f: ouverture du rucher \u00e9cole pour les apiculteurs d\u00e9butants \u2013 toutes les places r\u00e9serv\u00e9es ont \u00e9t\u00e9 pourvues&nbsp;<\/li>\n\n\n\n<li>Avril\u202f: ouverture du cours \u00ab\u202f\u00e9levage de reines\u202f\u00bb pour les apiculteurs chevronn\u00e9s.&nbsp;<\/li>\n\n\n\n<li>Avril\u202f: installation d\u2019une miellerie \u00e9ph\u00e9m\u00e8re gr\u00e2ce \u00e0 la mise \u00e0 disposition de la cuisine communale de la commune de Longeault-Pluvault. 300 kg de miel sont trait\u00e9s.&nbsp;<\/li>\n\n\n\n<li>Mai\u202f: investissement de 1000 euros de mat\u00e9riel de miellerie et d\u2019\u00e9levage, mis en banque de pr\u00eat pour les apiculteurs d\u00e9butants&nbsp;<\/li>\n\n\n\n<li>Octobre\u202f: bilan du rucher \u00e9cole\u202f: 110 heures de formation d\u00e9livr\u00e9es.&nbsp;<\/li>\n<\/ul>\n\n\n\n<ol class=\"wp-block-list\" start=\"2\">\n<li><strong>Sensibilisation du public \u00e0 la protection de l\u2019environnement<\/strong>&nbsp;<\/li>\n<\/ol>\n\n\n\n<ul class=\"wp-block-list\">\n<li>Mai\u202f: f\u00eate de la nature \u2013 organisateur officiel de la f\u00eate de la nature 2023. 90 visiteurs d\u00e9couvrent les pollinisateurs au verger de sauvegarde de Longeault-Pluvault&nbsp;<\/li>\n\n\n\n<li>Juin\u202f: intervention \u00e0 l\u2019\u00e9cole de Longeault-Pluvault. 3 classes d\u00e9couvrent la biodiversit\u00e9, les pollinisateurs et la vie des abeilles.&nbsp;<\/li>\n\n\n\n<li>Juillet\u202f: installation d\u2019un panneau p\u00e9dagogique sur le rucher \u00e9cole, au profit des promeneurs du verger de sauvegarde.&nbsp;<\/li>\n\n\n\n<li>Juillet\u202f: r\u00e9colte de miel d\u2019\u00e9t\u00e9. D\u00e9monstration de la r\u00e9colte de miel au public.&nbsp;<\/li>\n\n\n\n<li>Ao\u00fbt\u202f: visite des \u00ab\u202fparrains des ruches\u202f\u00bb. Ouverture des ruches avec 20 visiteurs.&nbsp;<\/li>\n\n\n\n<li>Ao\u00fbt\u202f: animation au march\u00e9 nocturne de Genlis&nbsp;<\/li>\n\n\n\n<li>Septembre\u202f: animation au march\u00e9 artisanal de la communaut\u00e9 de communes \u00ab\u202fPlaine en f\u00eate\u202f\u00bb&nbsp;<\/li>\n\n\n\n<li>D\u00e9cembre\u202f: animation au march\u00e9 de No\u00ebl de Genlis&nbsp;<\/li>\n<\/ul>\n\n\n\n<ol class=\"wp-block-list\" start=\"3\">\n<li><strong>Activit\u00e9s conviviales<\/strong>&nbsp;<\/li>\n<\/ol>\n\n\n\n<ul class=\"wp-block-list\">\n<li>Avril\u202f: repas de d\u00e9but de saison apicole \u2013 Dijon&nbsp;<\/li>\n\n\n\n<li>Octobre\u202f: second concours des miels de Longeault-Pluvault. Intronisation des \u00e9l\u00e8ves du rucher \u00e9cole ayant r\u00e9ussi la formation \u00ab\u202fconduite d\u2019un rucher\u202f\u00bb&nbsp;<\/li>\n<\/ul>\n\n\n\n<ol class=\"wp-block-list\" start=\"4\">\n<li><strong>R\u00e9compenses, promotion des activit\u00e9s de l\u2019association<\/strong>&nbsp;<\/li>\n<\/ol>\n\n\n\n<ul class=\"wp-block-list\">\n<li>Remise du troph\u00e9e d\u00e9partemental Initiatives Associations par la fondation Banque Populaire \u00e0 Dijon&nbsp;<\/li>\n\n\n\n<li>Attribution de la subvention FAVA\u202f2023 :&nbsp; 200 euros&nbsp;<\/li>\n\n\n\n<li>Financement participatif pour le projet de miellerie collective. Animation de la campagne.&nbsp;<\/li>\n\n\n\n<li>Articles dans le Bien Public (projet de miellerie collective)&nbsp;<\/li>\n\n\n\n<li>Interviews sur RCF et Radio Bleue (projet de miellerie collective)&nbsp;<\/li>\n<\/ul>\n","protected":false},"excerpt":{"rendered":"<div class=\"mh-excerpt\"><p>\u200b\u200bACTIVIT\u00c9S DE L\u2019ASSOCIATION\u00a0<\/p>\n<\/div>","protected":false},"author":1,"featured_media":407,"comment_status":"open","ping_status":"open","sticky":false,"template":"","format":"standard","meta":{"footnotes":""},"categories":[15,6],"tags":[],"class_list":["post-432","post","type-post","status-publish","format-standard","has-post-thumbnail","hentry","category-rucher-ecole","category-saison-apicole"],"_links":{"self":[{"href":"https:\/\/www.butine-asso.fr\/index.php\/wp-json\/wp\/v2\/posts\/432","targetHints":{"allow":["GET"]}}],"collection":[{"href":"https:\/\/www.butine-asso.fr\/index.php\/wp-json\/wp\/v2\/posts"}],"about":[{"href":"https:\/\/www.butine-asso.fr\/index.php\/wp-json\/wp\/v2\/types\/post"}],"author":[{"embeddable":true,"href":"https:\/\/www.butine-asso.fr\/index.php\/wp-json\/wp\/v2\/users\/1"}],"replies":[{"embeddable":true,"href":"https:\/\/www.butine-asso.fr\/index.php\/wp-json\/wp\/v2\/comments?post=432"}],"version-history":[{"count":1,"href":"https:\/\/www.butine-asso.fr\/index.php\/wp-json\/wp\/v2\/posts\/432\/revisions"}],"predecessor-version":[{"id":433,"href":"https:\/\/www.butine-asso.fr\/index.php\/wp-json\/wp\/v2\/posts\/432\/revisions\/433"}],"wp:featuredmedia":[{"embeddable":true,"href":"https:\/\/www.butine-asso.fr\/index.php\/wp-json\/wp\/v2\/media\/407"}],"wp:attachment":[{"href":"https:\/\/www.butine-asso.fr\/index.php\/wp-json\/wp\/v2\/media?parent=432"}],"wp:term":[{"taxonomy":"category","embeddable":true,"href":"https:\/\/www.butine-asso.fr\/index.php\/wp-json\/wp\/v2\/categories?post=432"},{"taxonomy":"post_tag","embeddable":true,"href":"https:\/\/www.butine-asso.fr\/index.php\/wp-json\/wp\/v2\/tags?post=432"}],"curies":[{"name":"wp","href":"https:\/\/api.w.org\/{rel}","templated":true}]}}