{"id":435,"date":"2024-03-25T19:31:30","date_gmt":"2024-03-25T18:31:30","guid":{"rendered":"https:\/\/www.butine-asso.fr\/?p=435"},"modified":"2024-03-30T19:40:40","modified_gmt":"2024-03-30T18:40:40","slug":"lutte-de-le-frelon-asiatique","status":"publish","type":"post","link":"https:\/\/www.butine-asso.fr\/index.php\/2024\/03\/25\/lutte-de-le-frelon-asiatique\/","title":{"rendered":"Lutte de le frelon asiatique"},"content":{"rendered":"\n<p>R\u00e9union publique organis\u00e9e par Butine et compagnie pour les habitants de Longeault-Pluvault.<\/p>\n\n\n\n<figure class=\"wp-block-gallery has-nested-images columns-default is-cropped wp-block-gallery-1 is-layout-flex wp-block-gallery-is-layout-flex\">\n<figure class=\"wp-block-image size-large\"><img loading=\"lazy\" decoding=\"async\" width=\"871\" height=\"653\" data-id=\"437\" src=\"https:\/\/www.butine-asso.fr\/wp-content\/uploads\/2024\/03\/IMG-20240325-WA0006.jpg\" alt=\"\" class=\"wp-image-437\" srcset=\"https:\/\/www.butine-asso.fr\/wp-content\/uploads\/2024\/03\/IMG-20240325-WA0006.jpg 871w, https:\/\/www.butine-asso.fr\/wp-content\/uploads\/2024\/03\/IMG-20240325-WA0006-300x225.jpg 300w, https:\/\/www.butine-asso.fr\/wp-content\/uploads\/2024\/03\/IMG-20240325-WA0006-768x576.jpg 768w, https:\/\/www.butine-asso.fr\/wp-content\/uploads\/2024\/03\/IMG-20240325-WA0006-678x509.jpg 678w, https:\/\/www.butine-asso.fr\/wp-content\/uploads\/2024\/03\/IMG-20240325-WA0006-326x245.jpg 326w, https:\/\/www.butine-asso.fr\/wp-content\/uploads\/2024\/03\/IMG-20240325-WA0006-80x60.jpg 80w\" sizes=\"auto, (max-width: 871px) 100vw, 871px\" \/><\/figure>\n\n\n\n<figure class=\"wp-block-image size-large\"><img loading=\"lazy\" decoding=\"async\" width=\"1024\" height=\"487\" data-id=\"436\" src=\"https:\/\/www.butine-asso.fr\/wp-content\/uploads\/2024\/03\/IMG-20240325-WA0005-1024x487.jpg\" alt=\"\" class=\"wp-image-436\" srcset=\"https:\/\/www.butine-asso.fr\/wp-content\/uploads\/2024\/03\/IMG-20240325-WA0005-1024x487.jpg 1024w, https:\/\/www.butine-asso.fr\/wp-content\/uploads\/2024\/03\/IMG-20240325-WA0005-300x143.jpg 300w, https:\/\/www.butine-asso.fr\/wp-content\/uploads\/2024\/03\/IMG-20240325-WA0005-768x365.jpg 768w, https:\/\/www.butine-asso.fr\/wp-content\/uploads\/2024\/03\/IMG-20240325-WA0005.jpg 1460w\" sizes=\"auto, (max-width: 1024px) 100vw, 1024px\" \/><\/figure>\n\n\n\n<figure class=\"wp-block-image size-large\"><img loading=\"lazy\" decoding=\"async\" width=\"1024\" height=\"672\" data-id=\"438\" src=\"https:\/\/www.butine-asso.fr\/wp-content\/uploads\/2024\/03\/IMG-20240325-WA0004-1024x672.jpg\" alt=\"\" class=\"wp-image-438\" srcset=\"https:\/\/www.butine-asso.fr\/wp-content\/uploads\/2024\/03\/IMG-20240325-WA0004-1024x672.jpg 1024w, https:\/\/www.butine-asso.fr\/wp-content\/uploads\/2024\/03\/IMG-20240325-WA0004-300x197.jpg 300w, https:\/\/www.butine-asso.fr\/wp-content\/uploads\/2024\/03\/IMG-20240325-WA0004-768x504.jpg 768w, https:\/\/www.butine-asso.fr\/wp-content\/uploads\/2024\/03\/IMG-20240325-WA0004.jpg 1386w\" sizes=\"auto, (max-width: 1024px) 100vw, 1024px\" \/><\/figure>\n<\/figure>\n\n\n\n<p>Apr\u00e8s une pr\u00e9sentation de cette nouvelle esp\u00e8ce invasive et de son impact sur la biodiversit\u00e9 et l&rsquo;\u00e9conomie, l&rsquo;association Butine et compagnie a pr\u00e9sent\u00e9 le plan de lutte qui sera mis en place sur la commune, en demandant aux habitants d&rsquo;\u00eatre vigilants pour rep\u00e9rer les nids primaires.<\/p>\n\n\n\n<p>Des pi\u00e8ges s\u00e9lectifs seront mis en place chez les habitants, \u00e0 raison d&rsquo;un pi\u00e8ge tous les 300m, afin de mailler l&rsquo;ensemble de la commune et limiter le nombre de reines.<\/p>\n\n\n\n<p>Des conseils seront diffus\u00e9s dans l&rsquo;ann\u00e9e, pour limiter l&rsquo;impact aux fruitiers et limiter les risques vis \u00e0 vis de la population.  <\/p>\n","protected":false},"excerpt":{"rendered":"<div class=\"mh-excerpt\"><p>R\u00e9union publique organis\u00e9e par Butine et compagnie pour les habitants de Longeault-Pluvault. Apr\u00e8s une pr\u00e9sentation de cette nouvelle esp\u00e8ce invasive et de son impact sur <a class=\"mh-excerpt-more\" href=\"https:\/\/www.butine-asso.fr\/index.php\/2024\/03\/25\/lutte-de-le-frelon-asiatique\/\" title=\"Lutte de le frelon asiatique\">[&#8230;]<\/a><\/p>\n<\/div>","protected":false},"author":1,"featured_media":439,"comment_status":"open","ping_status":"open","sticky":false,"template":"","format":"standard","meta":{"footnotes":""},"categories":[13,7],"tags":[],"class_list":["post-435","post","type-post","status-publish","format-standard","has-post-thumbnail","hentry","category-evenements","category-frelon-asiatique"],"_links":{"self":[{"href":"https:\/\/www.butine-asso.fr\/index.php\/wp-json\/wp\/v2\/posts\/435","targetHints":{"allow":["GET"]}}],"collection":[{"href":"https:\/\/www.butine-asso.fr\/index.php\/wp-json\/wp\/v2\/posts"}],"about":[{"href":"https:\/\/www.butine-asso.fr\/index.php\/wp-json\/wp\/v2\/types\/post"}],"author":[{"embeddable":true,"href":"https:\/\/www.butine-asso.fr\/index.php\/wp-json\/wp\/v2\/users\/1"}],"replies":[{"embeddable":true,"href":"https:\/\/www.butine-asso.fr\/index.php\/wp-json\/wp\/v2\/comments?post=435"}],"version-history":[{"count":1,"href":"https:\/\/www.butine-asso.fr\/index.php\/wp-json\/wp\/v2\/posts\/435\/revisions"}],"predecessor-version":[{"id":440,"href":"https:\/\/www.butine-asso.fr\/index.php\/wp-json\/wp\/v2\/posts\/435\/revisions\/440"}],"wp:featuredmedia":[{"embeddable":true,"href":"https:\/\/www.butine-asso.fr\/index.php\/wp-json\/wp\/v2\/media\/439"}],"wp:attachment":[{"href":"https:\/\/www.butine-asso.fr\/index.php\/wp-json\/wp\/v2\/media?parent=435"}],"wp:term":[{"taxonomy":"category","embeddable":true,"href":"https:\/\/www.butine-asso.fr\/index.php\/wp-json\/wp\/v2\/categories?post=435"},{"taxonomy":"post_tag","embeddable":true,"href":"https:\/\/www.butine-asso.fr\/index.php\/wp-json\/wp\/v2\/tags?post=435"}],"curies":[{"name":"wp","href":"https:\/\/api.w.org\/{rel}","templated":true}]}}